{"id":170,"date":"2016-01-22T14:31:47","date_gmt":"2016-01-22T14:31:47","guid":{"rendered":"http:\/\/blog.soton.ac.uk\/fshs\/?p=170"},"modified":"2016-01-25T15:32:15","modified_gmt":"2016-01-25T15:32:15","slug":"everyone-giving-poland-hard-time","status":"publish","type":"post","link":"https:\/\/blog.soton.ac.uk\/fshs\/2016\/01\/22\/everyone-giving-poland-hard-time\/","title":{"rendered":"Why everyone is giving Poland a hard time"},"content":{"rendered":"<p>Since coming into power at the end of October 2015, Poland\u2019s new, right-wing government has caused a stir at home and drawn international criticism. \u00a0<a href=\"http:\/\/www.southampton.ac.uk\/socsci\/about\/staff\/kmz1y11.page\">Dr Kamil Zwolski<\/a>, Lecturer in Global Politics &amp; Policy, explores the situation.<\/p>\n<figure id=\"attachment_172\" aria-describedby=\"caption-attachment-172\" style=\"width: 300px\" class=\"wp-caption aligncenter\"><a href=\"http:\/\/blog.soton.ac.uk\/fshs\/files\/2016\/01\/Poland.jpg\"><img loading=\"lazy\" decoding=\"async\" class=\"size-medium wp-image-172\" src=\"http:\/\/blog.soton.ac.uk\/fshs\/files\/2016\/01\/Poland-300x200.jpg\" alt=\"People gather during an anti-government demonstration for free media in front of the Television headquarter in Warsaw, January 9, 2016. A banner (C) shows Law and Justice leader Jaroslaw Kaczynski. REUTERS\/Kacper Pempel - RTX21N5N\" width=\"300\" height=\"200\" srcset=\"https:\/\/blog.soton.ac.uk\/fshs\/files\/2016\/01\/Poland-300x200.jpg 300w, https:\/\/blog.soton.ac.uk\/fshs\/files\/2016\/01\/Poland.jpg 668w\" sizes=\"auto, (max-width: 300px) 100vw, 300px\" \/><\/a><figcaption id=\"caption-attachment-172\" class=\"wp-caption-text\">REUTERS\/Kacper Pempel &#8211; RTX21N5N<\/figcaption><\/figure>\n<p><!--more--><\/p>\n<p>Hardly a day passes at the moment without EU officials or European leaders questioning decisions made by the government.<\/p>\n<p>In its analysis, <a href=\"http:\/\/www.spiegel.de\/international\/europe\/worries-over-poland-mount-in-brussels-and-berlin-a-1071477.html\">Der Spiegel<\/a>\u00a0warns against Poland\u2019s \u201ccreeping autocracy\u201d. Some observers have even <a href=\"http:\/\/www.thenews.pl\/1\/10\/Artykul\/235922,EU-Parliament-chief-accuses-Poland-of-%E2%80%98Putinstyle%E2%80%99-politics\">compared<\/a> the situation in Poland to Putin\u2019s Russia. \u00a0While such comparisons are exaggerated, there are serious questions to ask about the Polish government\u2019s commitment to the principles of liberal democracy.<\/p>\n<p>Poland has been praised for years for its successful transition from communist state to liberal democracy. Now, it is the subject of <a href=\"http:\/\/www.theguardian.com\/commentisfree\/2016\/jan\/07\/polish-democracy-destroyed-constitution-media-poland\">criticism, worry and disappointment<\/a>. \u00a0What happened?<\/p>\n<p>After eight years in power, the centre-right, pro-EU and relatively moderate Civic Platform government lost the 2015 presidential and parliamentary elections. In its place came the nationalistic, conservative and EU-sceptic Law and Justice (PiS) party, led by Jaros\u0142aw Kaczy\u0144ski, the twin brother of former president Lech Kaczy\u0144ski, who died in a plane crash in 2010.<\/p>\n<p><strong>Changing the rules overnight<\/strong><\/p>\n<p>Things quickly changed after the election. Kaczy\u0144ski appointed Beata Szyd\u0142o as prime minister but it is clear that he <a href=\"http:\/\/www.theguardian.com\/commentisfree\/2015\/dec\/31\/poland-leader-jaroslaw-kaczynski\">pulls all the strings<\/a>. \u00a0For his part, president Andrzej Duda appears to be limited in his role to formally approving whatever the parliament (i.e. Kaczy\u0144ski) throws his way.<\/p>\n<p>Under the auspices of this peculiar administrative set up, the parliament has set about making drastic reforms at breakneck speed. Laws are changed overnight and without consultation. Critical voices are summarily ignored.<\/p>\n<p>So far, the parliament has significantly curtailed the powers of the national <a href=\"https:\/\/euobserver.com\/political\/131662\">constitutional tribunal<\/a>, which is supposed to impose judicial checks on the government. \u00a0Another <a href=\"http:\/\/www.bbc.co.uk\/news\/world-europe-35272542\">law<\/a> seeks to curtail the freedom of the press by allowing the government to appoint the heads of media organisations.<\/p>\n<p>Next on the list is foreign policy. The government is still in the process of developing plans on this front but it is already facing a predicament. On one side, the new government dislikes Russia, and on the other, it is increasingly fed up with the EU. The two positions are not particularly compatible.<\/p>\n<p><strong>The bear or the overbearing?<\/strong><\/p>\n<p>Poland has traditionally been sceptical of Russian foreign policy. While Western European countries, notably Germany, have been forging political and economic links with post-Soviet Russia, Poland has been working hard to join NATO, the EU, and to nurse the independence of the post-Soviet republics.<\/p>\n<p>The wars in Georgia and Ukraine have proved to Poland\u2019s elites that their concern was justified. \u00a0Under Putin, Russia\u2019s neighbours would have to watch their borders.<\/p>\n<p>However, Poland is strongest as part of a team. It relies on its more powerful EU partners on the international stage and would struggle alone. When introducing the proposal for the EU\u2019s Eastern Partnership programme, Poland <a href=\"http:\/\/www.ecfr.eu\/article\/commentary_poland_and_the_eastern_partnership_the_view_from_warsaw3038\">worked together with Sweden<\/a>. \u00a0In the Ukrainian conflict, Poland accepted the leadership role of Germany.<\/p>\n<p>It is unclear whether the new government appreciates this. \u00a0On one hand, the anti-Russian sentiment seems to run deeper than ever. \u00a0This government seems to be more emotional and less pragmatic about the relationship than its predecessors. \u00a0This is fuelled by the widespread belief among PiS politicians and supporters that the 2010 crash that killed president Kaczy\u0144ski was <a href=\"http:\/\/www.theguardian.com\/world\/2015\/apr\/07\/pilots-plane-crash-smolensk-polish-president-pressured-land-thick-fog\">Russian sabotage<\/a>, rather than a tragic accident.<\/p>\n<p>On the other hand, Poland\u2019s new government is deeply <a href=\"http:\/\/uk.reuters.com\/article\/uk-poland-election-eu-idUKKCN0SG0ES20151022\">eurosceptic<\/a>. It is particularly suspicious of Brussels and Berlin. The liberal EU arguably presents a threat to Catholic, conservative, Polish values.<\/p>\n<p>There are longstanding tensions between <a href=\"http:\/\/www.bbc.co.uk\/news\/world-europe-35276531\">Poland and Germany<\/a> stemming from their difficult history but there is now resentment over Germany\u2019s desire for Poland to remain a pro-EU, liberal democracy.<\/p>\n<p>And grumbles about Brussels&#8217; alleged interfering on issues such as gay rights have grown to alarm as the migration crisis has worsened. Pressure to take in refugees from Syria has not gone down well and Kaczy\u0144ski is more often to be found siding up with Viktor Orb\u00e1n, Hungary\u2019s notoriously anti-immigrant prime minister, than Poland\u2019s western EU partners.<\/p>\n<p>While EU sanctions against Poland are unlikely, there are informal ways in which Brussels and EU leaders can seek to influence Poland. They might, for example, apply pressure to the EU funding channelled to Poland. And of course, they could remind Poland of its desire for European solidarity in support of Ukraine.<\/p>\n<p>This is the dilemma for the Polish government. \u00a0How can it be anti-Russian and anti-EU at the same time? \u00a0Where will it seek allies? \u00a0Kaczy\u0144ski has always been fond of Orb\u00e1n and the sympathy seems mutual, confirmed by their recent <a href=\"http:\/\/www.krakowpost.com\/11017\/2016\/01\/kaczynski-orban-meeting\">meeting<\/a>.<\/p>\n<p>But Orb\u00e1n is famous for his pro-Putin policy. \u00a0PIS is uncomfortable when confronted with this fact. \u00a0Washington is only interested in supporting Poland as a pinnacle of liberal democracy in the region and a committed EU member. \u00a0What are the options then? \u00a0Either way, the current policy is bound to crash.<\/p>\n<p>&nbsp;<\/p>\n<p><em>This article was originally published on <a href=\"https:\/\/theconversation.com\">The Conversation<\/a>. Read the original article <a href=\"https:\/\/theconversation.com\/explainer-why-everyone-is-giving-poland-a-hard-time-53074\">here<\/a>.<\/em><\/p>\n","protected":false},"excerpt":{"rendered":"<p>Since coming into power at the end of October 2015, Poland\u2019s new, right-wing government has caused a stir at home and drawn international criticism. \u00a0Dr Kamil Zwolski, Lecturer in Global Politics &amp; Policy, explores the situation.<\/p>\n","protected":false},"author":74545,"featured_media":0,"comment_status":"open","ping_status":"open","sticky":false,"template":"","format":"standard","meta":{"footnotes":""},"categories":[249,1],"tags":[],"class_list":["post-170","post","type-post","status-publish","format-standard","hentry","category-politics","category-uncategorized","column","twocol"],"_links":{"self":[{"href":"https:\/\/blog.soton.ac.uk\/fshs\/wp-json\/wp\/v2\/posts\/170","targetHints":{"allow":["GET"]}}],"collection":[{"href":"https:\/\/blog.soton.ac.uk\/fshs\/wp-json\/wp\/v2\/posts"}],"about":[{"href":"https:\/\/blog.soton.ac.uk\/fshs\/wp-json\/wp\/v2\/types\/post"}],"author":[{"embeddable":true,"href":"https:\/\/blog.soton.ac.uk\/fshs\/wp-json\/wp\/v2\/users\/74545"}],"replies":[{"embeddable":true,"href":"https:\/\/blog.soton.ac.uk\/fshs\/wp-json\/wp\/v2\/comments?post=170"}],"version-history":[{"count":2,"href":"https:\/\/blog.soton.ac.uk\/fshs\/wp-json\/wp\/v2\/posts\/170\/revisions"}],"predecessor-version":[{"id":173,"href":"https:\/\/blog.soton.ac.uk\/fshs\/wp-json\/wp\/v2\/posts\/170\/revisions\/173"}],"wp:attachment":[{"href":"https:\/\/blog.soton.ac.uk\/fshs\/wp-json\/wp\/v2\/media?parent=170"}],"wp:term":[{"taxonomy":"category","embeddable":true,"href":"https:\/\/blog.soton.ac.uk\/fshs\/wp-json\/wp\/v2\/categories?post=170"},{"taxonomy":"post_tag","embeddable":true,"href":"https:\/\/blog.soton.ac.uk\/fshs\/wp-json\/wp\/v2\/tags?post=170"}],"curies":[{"name":"wp","href":"https:\/\/api.w.org\/{rel}","templated":true}]}}